{"id":10281,"date":"2023-06-30T14:10:48","date_gmt":"2023-06-30T12:10:48","guid":{"rendered":"https:\/\/sbcud.net\/?p=10281"},"modified":"2023-07-04T12:15:35","modified_gmt":"2023-07-04T10:15:35","slug":"online-veranstaltung-ein-blick-ueber-die-grenze-waermepumpen-co-aus-polen-beziehen-am-10-07-23-ab-18-uhr","status":"publish","type":"post","link":"https:\/\/sbcud.net\/de\/online-veranstaltung-ein-blick-ueber-die-grenze-waermepumpen-co-aus-polen-beziehen-am-10-07-23-ab-18-uhr\/","title":{"rendered":"Online-Veranstaltung \u201eEin Blick \u00fcber die Grenze: W\u00e4rmepumpen &#038; Co. aus Polen beziehen\u201c am 10.07.23, ab 18 Uhr"},"content":{"rendered":"<p>Sehr geehrte Damen und Herren,<\/p>\n<p>das SBC Strausberg l\u00e4dt Sie als Kooperationspartner des Klimaschutz- und Energieb\u00fcro M\u00e4rkisch Oderland zu folgender Online-Veranstaltung ein: \u201eEin Blick \u00fcber die Grenze: W\u00e4rmepumpen &amp; Co. aus Polen beziehen\u201c am 10.07.23, ab 18 Uhr.<\/p>\n<p>Gestiegene Energiekosten aber auch die sich rasant ver\u00e4ndernden klimatischen und politischen Bedingungen sorgen nicht nur f\u00fcr Unsicherheiten, sondern machen auch ein zeitnahes Handeln notwendig. Viele B\u00fcrgerinnen und B\u00fcrgern sowie Unternehmen wollen nun aktiv werden &#8211; Energie einsparen und \/ oder von fossilen Energietr\u00e4gern auf Erneuerbare umsteigen. Dieser Wunsch ist meistens mit einem Austausch des Heizungssystems und Ma\u00dfnahmen an der Geb\u00e4udeh\u00fclle verbunden und ist h\u00e4ufig aufwendig und teuer. Auch sind die heimischen Handwerksbetriebe oftmals ausgelastet und es ist schwer, einen zeitnahen Termin zu bekommen.<\/p>\n<p>Hier lohnt sich ein Blick nach Polen. Unser Nachbarland entwickelt sich mehr und mehr zum internationalen Zentrum f\u00fcr W\u00e4rmepumpen. Daneben sind viele Handwerksbetriebe auch in Deutschland t\u00e4tig.<\/p>\n<p>Die kommende Onlineveranstaltung \u201eEin Blick \u00fcber die Grenze: W\u00e4rmepumpen &amp; Co. aus Polen beziehen\u201c widmet sich nun diesem Thema: Gemeinsam mit unseren G\u00e4sten Dr. Katarzyna Guzenda (\u201eDeutsch-Polnisches Verbraucherinformationszentrum der Verbraucherzentrale Brandenburg\u201c) und Frederik Lippe (Energieberater und Zimmermann) gehen wir der Frage nach, wie mit dem aktuellen Mangel an Handwerksleistungen umgegangen werden kann. Kann ich ohne weiteres ein Handwerksunternehmen aus Polen beauftragen und was ist hierbei zu beachten? Hinsichtlich der deutschen F\u00f6rderkulisse: was muss ein Angebot beinhalten? Und (wie) bin ich rechtlich abgesichert, falls mal etwas nicht wie geplant l\u00e4uft?<\/p>\n<p>Diese Veranstaltung soll Ihnen eine Hilfestellung geben, wie Sie qualitativ hochwertige Handwerksleistungen erkennen. Zus\u00e4tzlich werden Sie \u00fcber die relevanten Aspekte des Verbraucherschutzes in der deutsch-polnischen Zusammenarbeit informiert.<\/p>\n<p>Termin:\u00a0\u00a0\u00a0\u00a0\u00a0\u00a0\u00a0\u00a0\u00a0\u00a0\u00a0\u00a0\u00a0\u00a0\u00a0 10.07.2023, 18:00 Uhr<\/p>\n<p>Ort:\u00a0\u00a0\u00a0\u00a0\u00a0\u00a0\u00a0\u00a0\u00a0\u00a0\u00a0\u00a0\u00a0\u00a0\u00a0\u00a0\u00a0\u00a0\u00a0\u00a0\u00a0 Online (per Zoom; der Einwahllink wird Ihnen unmittelbar vor der Veranstaltung zugeschickt \u2013 bitte achten Sie auf Ihren Spam-Ordner).<\/p>\n<p>Hier geht es zur <a href=\"https:\/\/sbcud.net\/de\/events\/online-veranstaltung-ein-blick-ueber-die-grenze-waermepumpen-co-aus-polen-beziehen-am-10-07-23-ab-18-uhr\/\"><em><strong>Anmeldung<\/strong><\/em><\/a><\/p>\n<p>Diese Veranstaltung ist kostenfrei.<\/p>\n<p>Bei Fragen oder Anmerkungen melden Sie sich gerne direkt beim Klimaschutz- und Energieb\u00fcro M\u00e4rkisch Oderland unter der 03341 &#8211; 335 115.<\/p>\n<p>Mit freundlichen Gr\u00fc\u00dfen<\/p>\n<p>Ihr SBC Strausberg und das Klimaschutz- und Energieb\u00fcro M\u00e4rkisch Oderland<\/p>\n<p>&nbsp;<\/p>\n","protected":false},"excerpt":{"rendered":"<p>Sehr geehrte Damen und Herren, das SBC Strausberg l\u00e4dt Sie als Kooperationspartner des Klimaschutz- und Energieb\u00fcro M\u00e4rkisch Oderland zu folgender Online-Veranstaltung ein: \u201eEin Blick \u00fcber die Grenze: W\u00e4rmepumpen &amp; Co. aus Polen beziehen\u201c am 10.07.23, ab 18 Uhr. Gestiegene Energiekosten aber auch die sich rasant ver\u00e4ndernden klimatischen und politischen Bedingungen sorgen nicht nur f\u00fcr Unsicherheiten, [&hellip;]<\/p>\n","protected":false},"author":9,"featured_media":10276,"comment_status":"closed","ping_status":"open","sticky":false,"template":"","format":"standard","meta":{"_et_pb_use_builder":"","_et_pb_old_content":"","_et_gb_content_width":"","om_disable_all_campaigns":false,"_monsterinsights_skip_tracking":false,"_monsterinsights_sitenote_active":false,"_monsterinsights_sitenote_note":"","_monsterinsights_sitenote_category":0},"categories":[224,256,430],"tags":[],"aioseo_notices":[],"yoast_head":"<!-- This site is optimized with the Yoast SEO plugin v19.11 - https:\/\/yoast.com\/wordpress\/plugins\/seo\/ -->\n<title>Online-Veranstaltung \u201eEin Blick \u00fcber die Grenze: W\u00e4rmepumpen &amp; Co. aus Polen beziehen\u201c am 10.07.23, ab 18 Uhr - SBCUD<\/title>\n<meta name=\"description\" content=\"Infoveranstaltung mit dem deutsch-polnischen Verbaucherschutz und Energieberater. Ein Blick \u00fcber die Grenze lohne sich beim Handwerkermangel.\" \/>\n<meta name=\"robots\" content=\"index, follow, max-snippet:-1, max-image-preview:large, max-video-preview:-1\" \/>\n<link rel=\"canonical\" href=\"https:\/\/sbcud.net\/de\/online-veranstaltung-ein-blick-ueber-die-grenze-waermepumpen-co-aus-polen-beziehen-am-10-07-23-ab-18-uhr\/\" \/>\n<meta property=\"og:locale\" content=\"de_DE\" \/>\n<meta property=\"og:type\" content=\"article\" \/>\n<meta property=\"og:title\" content=\"Online-Veranstaltung \u201eEin Blick \u00fcber die Grenze: W\u00e4rmepumpen &amp; Co. aus Polen beziehen\u201c am 10.07.23, ab 18 Uhr - SBCUD\" \/>\n<meta property=\"og:description\" content=\"Infoveranstaltung mit dem deutsch-polnischen Verbaucherschutz und Energieberater. Ein Blick \u00fcber die Grenze lohne sich beim Handwerkermangel.\" \/>\n<meta property=\"og:url\" content=\"https:\/\/sbcud.net\/de\/online-veranstaltung-ein-blick-ueber-die-grenze-waermepumpen-co-aus-polen-beziehen-am-10-07-23-ab-18-uhr\/\" \/>\n<meta property=\"og:site_name\" content=\"SBCUD\" \/>\n<meta property=\"article:publisher\" content=\"https:\/\/www.facebook.com\/SBC.CUD\" \/>\n<meta property=\"article:published_time\" content=\"2023-06-30T12:10:48+00:00\" \/>\n<meta property=\"article:modified_time\" content=\"2023-07-04T10:15:35+00:00\" \/>\n<meta property=\"og:image\" content=\"https:\/\/sbcud.net\/wp-content\/uploads\/2023\/06\/Kachel-1.2.jpg\" \/>\n\t<meta property=\"og:image:width\" content=\"1630\" \/>\n\t<meta property=\"og:image:height\" content=\"1181\" \/>\n\t<meta property=\"og:image:type\" content=\"image\/jpeg\" \/>\n<meta name=\"author\" content=\"SBC Strausberg\" \/>\n<meta name=\"twitter:card\" content=\"summary_large_image\" \/>\n<meta name=\"twitter:label1\" content=\"Verfasst von\" \/>\n\t<meta name=\"twitter:data1\" content=\"SBC Strausberg\" \/>\n\t<meta name=\"twitter:label2\" content=\"Gesch\u00e4tzte Lesezeit\" \/>\n\t<meta name=\"twitter:data2\" content=\"2\u00a0Minuten\" \/>\n<script type=\"application\/ld+json\" class=\"yoast-schema-graph\">{\"@context\":\"https:\/\/schema.org\",\"@graph\":[{\"@type\":\"Article\",\"@id\":\"https:\/\/sbcud.net\/de\/online-veranstaltung-ein-blick-ueber-die-grenze-waermepumpen-co-aus-polen-beziehen-am-10-07-23-ab-18-uhr\/#article\",\"isPartOf\":{\"@id\":\"https:\/\/sbcud.net\/de\/online-veranstaltung-ein-blick-ueber-die-grenze-waermepumpen-co-aus-polen-beziehen-am-10-07-23-ab-18-uhr\/\"},\"author\":{\"name\":\"SBC Strausberg\",\"@id\":\"https:\/\/sbcud.net\/de\/#\/schema\/person\/714251eef0b0b11b13c79fe5770722c4\"},\"headline\":\"Online-Veranstaltung \u201eEin Blick \u00fcber die Grenze: W\u00e4rmepumpen &#038; Co. aus Polen beziehen\u201c am 10.07.23, ab 18 Uhr\",\"datePublished\":\"2023-06-30T12:10:48+00:00\",\"dateModified\":\"2023-07-04T10:15:35+00:00\",\"mainEntityOfPage\":{\"@id\":\"https:\/\/sbcud.net\/de\/online-veranstaltung-ein-blick-ueber-die-grenze-waermepumpen-co-aus-polen-beziehen-am-10-07-23-ab-18-uhr\/\"},\"wordCount\":364,\"publisher\":{\"@id\":\"https:\/\/sbcud.net\/de\/#organization\"},\"articleSection\":[\"+\",\"Strausberg\",\"Veranstaltung\"],\"inLanguage\":\"de\"},{\"@type\":\"WebPage\",\"@id\":\"https:\/\/sbcud.net\/de\/online-veranstaltung-ein-blick-ueber-die-grenze-waermepumpen-co-aus-polen-beziehen-am-10-07-23-ab-18-uhr\/\",\"url\":\"https:\/\/sbcud.net\/de\/online-veranstaltung-ein-blick-ueber-die-grenze-waermepumpen-co-aus-polen-beziehen-am-10-07-23-ab-18-uhr\/\",\"name\":\"Online-Veranstaltung \u201eEin Blick \u00fcber die Grenze: W\u00e4rmepumpen & Co. aus Polen beziehen\u201c am 10.07.23, ab 18 Uhr - SBCUD\",\"isPartOf\":{\"@id\":\"https:\/\/sbcud.net\/de\/#website\"},\"datePublished\":\"2023-06-30T12:10:48+00:00\",\"dateModified\":\"2023-07-04T10:15:35+00:00\",\"description\":\"Infoveranstaltung mit dem deutsch-polnischen Verbaucherschutz und Energieberater. Ein Blick \u00fcber die Grenze lohne sich beim Handwerkermangel.\",\"breadcrumb\":{\"@id\":\"https:\/\/sbcud.net\/de\/online-veranstaltung-ein-blick-ueber-die-grenze-waermepumpen-co-aus-polen-beziehen-am-10-07-23-ab-18-uhr\/#breadcrumb\"},\"inLanguage\":\"de\",\"potentialAction\":[{\"@type\":\"ReadAction\",\"target\":[\"https:\/\/sbcud.net\/de\/online-veranstaltung-ein-blick-ueber-die-grenze-waermepumpen-co-aus-polen-beziehen-am-10-07-23-ab-18-uhr\/\"]}]},{\"@type\":\"BreadcrumbList\",\"@id\":\"https:\/\/sbcud.net\/de\/online-veranstaltung-ein-blick-ueber-die-grenze-waermepumpen-co-aus-polen-beziehen-am-10-07-23-ab-18-uhr\/#breadcrumb\",\"itemListElement\":[{\"@type\":\"ListItem\",\"position\":1,\"name\":\"Strona g\u0142\u00f3wna\",\"item\":\"https:\/\/sbcud.net\/de\/\"},{\"@type\":\"ListItem\",\"position\":2,\"name\":\"Online-Veranstaltung \u201eEin Blick \u00fcber die Grenze: W\u00e4rmepumpen &#038; Co. aus Polen beziehen\u201c am 10.07.23, ab 18 Uhr\"}]},{\"@type\":\"WebSite\",\"@id\":\"https:\/\/sbcud.net\/de\/#website\",\"url\":\"https:\/\/sbcud.net\/de\/\",\"name\":\"SBCUD\",\"description\":\"Centra us\u0142ugowo-doradcze\",\"publisher\":{\"@id\":\"https:\/\/sbcud.net\/de\/#organization\"},\"potentialAction\":[{\"@type\":\"SearchAction\",\"target\":{\"@type\":\"EntryPoint\",\"urlTemplate\":\"https:\/\/sbcud.net\/de\/?s={search_term_string}\"},\"query-input\":\"required name=search_term_string\"}],\"inLanguage\":\"de\"},{\"@type\":\"Organization\",\"@id\":\"https:\/\/sbcud.net\/de\/#organization\",\"name\":\"SBCUD\",\"url\":\"https:\/\/sbcud.net\/de\/\",\"logo\":{\"@type\":\"ImageObject\",\"inLanguage\":\"de\",\"@id\":\"https:\/\/sbcud.net\/de\/#\/schema\/logo\/image\/\",\"url\":\"https:\/\/sbcud.net\/wp-content\/uploads\/2019\/03\/Logo_Farbig_RGB_Transparent_www.png\",\"contentUrl\":\"https:\/\/sbcud.net\/wp-content\/uploads\/2019\/03\/Logo_Farbig_RGB_Transparent_www.png\",\"width\":332,\"height\":100,\"caption\":\"SBCUD\"},\"image\":{\"@id\":\"https:\/\/sbcud.net\/de\/#\/schema\/logo\/image\/\"},\"sameAs\":[\"https:\/\/www.facebook.com\/SBC.CUD\"]},{\"@type\":\"Person\",\"@id\":\"https:\/\/sbcud.net\/de\/#\/schema\/person\/714251eef0b0b11b13c79fe5770722c4\",\"name\":\"SBC Strausberg\",\"image\":{\"@type\":\"ImageObject\",\"inLanguage\":\"de\",\"@id\":\"https:\/\/sbcud.net\/de\/#\/schema\/person\/image\/\",\"url\":\"https:\/\/secure.gravatar.com\/avatar\/6438109b1660cd87590702c78fa3acd6?s=96&d=mm&r=g\",\"contentUrl\":\"https:\/\/secure.gravatar.com\/avatar\/6438109b1660cd87590702c78fa3acd6?s=96&d=mm&r=g\",\"caption\":\"SBC Strausberg\"},\"url\":\"https:\/\/sbcud.net\/de\/author\/sbcstic-de\/\"}]}<\/script>\n<!-- \/ Yoast SEO plugin. -->","yoast_head_json":{"title":"Online-Veranstaltung \u201eEin Blick \u00fcber die Grenze: W\u00e4rmepumpen & Co. aus Polen beziehen\u201c am 10.07.23, ab 18 Uhr - SBCUD","description":"Infoveranstaltung mit dem deutsch-polnischen Verbaucherschutz und Energieberater. Ein Blick \u00fcber die Grenze lohne sich beim Handwerkermangel.","robots":{"index":"index","follow":"follow","max-snippet":"max-snippet:-1","max-image-preview":"max-image-preview:large","max-video-preview":"max-video-preview:-1"},"canonical":"https:\/\/sbcud.net\/de\/online-veranstaltung-ein-blick-ueber-die-grenze-waermepumpen-co-aus-polen-beziehen-am-10-07-23-ab-18-uhr\/","og_locale":"de_DE","og_type":"article","og_title":"Online-Veranstaltung \u201eEin Blick \u00fcber die Grenze: W\u00e4rmepumpen & Co. aus Polen beziehen\u201c am 10.07.23, ab 18 Uhr - SBCUD","og_description":"Infoveranstaltung mit dem deutsch-polnischen Verbaucherschutz und Energieberater. Ein Blick \u00fcber die Grenze lohne sich beim Handwerkermangel.","og_url":"https:\/\/sbcud.net\/de\/online-veranstaltung-ein-blick-ueber-die-grenze-waermepumpen-co-aus-polen-beziehen-am-10-07-23-ab-18-uhr\/","og_site_name":"SBCUD","article_publisher":"https:\/\/www.facebook.com\/SBC.CUD","article_published_time":"2023-06-30T12:10:48+00:00","article_modified_time":"2023-07-04T10:15:35+00:00","og_image":[{"width":1630,"height":1181,"url":"https:\/\/sbcud.net\/wp-content\/uploads\/2023\/06\/Kachel-1.2.jpg","type":"image\/jpeg"}],"author":"SBC Strausberg","twitter_card":"summary_large_image","twitter_misc":{"Verfasst von":"SBC Strausberg","Gesch\u00e4tzte Lesezeit":"2\u00a0Minuten"},"schema":{"@context":"https:\/\/schema.org","@graph":[{"@type":"Article","@id":"https:\/\/sbcud.net\/de\/online-veranstaltung-ein-blick-ueber-die-grenze-waermepumpen-co-aus-polen-beziehen-am-10-07-23-ab-18-uhr\/#article","isPartOf":{"@id":"https:\/\/sbcud.net\/de\/online-veranstaltung-ein-blick-ueber-die-grenze-waermepumpen-co-aus-polen-beziehen-am-10-07-23-ab-18-uhr\/"},"author":{"name":"SBC Strausberg","@id":"https:\/\/sbcud.net\/de\/#\/schema\/person\/714251eef0b0b11b13c79fe5770722c4"},"headline":"Online-Veranstaltung \u201eEin Blick \u00fcber die Grenze: W\u00e4rmepumpen &#038; Co. aus Polen beziehen\u201c am 10.07.23, ab 18 Uhr","datePublished":"2023-06-30T12:10:48+00:00","dateModified":"2023-07-04T10:15:35+00:00","mainEntityOfPage":{"@id":"https:\/\/sbcud.net\/de\/online-veranstaltung-ein-blick-ueber-die-grenze-waermepumpen-co-aus-polen-beziehen-am-10-07-23-ab-18-uhr\/"},"wordCount":364,"publisher":{"@id":"https:\/\/sbcud.net\/de\/#organization"},"articleSection":["+","Strausberg","Veranstaltung"],"inLanguage":"de"},{"@type":"WebPage","@id":"https:\/\/sbcud.net\/de\/online-veranstaltung-ein-blick-ueber-die-grenze-waermepumpen-co-aus-polen-beziehen-am-10-07-23-ab-18-uhr\/","url":"https:\/\/sbcud.net\/de\/online-veranstaltung-ein-blick-ueber-die-grenze-waermepumpen-co-aus-polen-beziehen-am-10-07-23-ab-18-uhr\/","name":"Online-Veranstaltung \u201eEin Blick \u00fcber die Grenze: W\u00e4rmepumpen & Co. aus Polen beziehen\u201c am 10.07.23, ab 18 Uhr - SBCUD","isPartOf":{"@id":"https:\/\/sbcud.net\/de\/#website"},"datePublished":"2023-06-30T12:10:48+00:00","dateModified":"2023-07-04T10:15:35+00:00","description":"Infoveranstaltung mit dem deutsch-polnischen Verbaucherschutz und Energieberater. Ein Blick \u00fcber die Grenze lohne sich beim Handwerkermangel.","breadcrumb":{"@id":"https:\/\/sbcud.net\/de\/online-veranstaltung-ein-blick-ueber-die-grenze-waermepumpen-co-aus-polen-beziehen-am-10-07-23-ab-18-uhr\/#breadcrumb"},"inLanguage":"de","potentialAction":[{"@type":"ReadAction","target":["https:\/\/sbcud.net\/de\/online-veranstaltung-ein-blick-ueber-die-grenze-waermepumpen-co-aus-polen-beziehen-am-10-07-23-ab-18-uhr\/"]}]},{"@type":"BreadcrumbList","@id":"https:\/\/sbcud.net\/de\/online-veranstaltung-ein-blick-ueber-die-grenze-waermepumpen-co-aus-polen-beziehen-am-10-07-23-ab-18-uhr\/#breadcrumb","itemListElement":[{"@type":"ListItem","position":1,"name":"Strona g\u0142\u00f3wna","item":"https:\/\/sbcud.net\/de\/"},{"@type":"ListItem","position":2,"name":"Online-Veranstaltung \u201eEin Blick \u00fcber die Grenze: W\u00e4rmepumpen &#038; Co. aus Polen beziehen\u201c am 10.07.23, ab 18 Uhr"}]},{"@type":"WebSite","@id":"https:\/\/sbcud.net\/de\/#website","url":"https:\/\/sbcud.net\/de\/","name":"SBCUD","description":"Centra us\u0142ugowo-doradcze","publisher":{"@id":"https:\/\/sbcud.net\/de\/#organization"},"potentialAction":[{"@type":"SearchAction","target":{"@type":"EntryPoint","urlTemplate":"https:\/\/sbcud.net\/de\/?s={search_term_string}"},"query-input":"required name=search_term_string"}],"inLanguage":"de"},{"@type":"Organization","@id":"https:\/\/sbcud.net\/de\/#organization","name":"SBCUD","url":"https:\/\/sbcud.net\/de\/","logo":{"@type":"ImageObject","inLanguage":"de","@id":"https:\/\/sbcud.net\/de\/#\/schema\/logo\/image\/","url":"https:\/\/sbcud.net\/wp-content\/uploads\/2019\/03\/Logo_Farbig_RGB_Transparent_www.png","contentUrl":"https:\/\/sbcud.net\/wp-content\/uploads\/2019\/03\/Logo_Farbig_RGB_Transparent_www.png","width":332,"height":100,"caption":"SBCUD"},"image":{"@id":"https:\/\/sbcud.net\/de\/#\/schema\/logo\/image\/"},"sameAs":["https:\/\/www.facebook.com\/SBC.CUD"]},{"@type":"Person","@id":"https:\/\/sbcud.net\/de\/#\/schema\/person\/714251eef0b0b11b13c79fe5770722c4","name":"SBC Strausberg","image":{"@type":"ImageObject","inLanguage":"de","@id":"https:\/\/sbcud.net\/de\/#\/schema\/person\/image\/","url":"https:\/\/secure.gravatar.com\/avatar\/6438109b1660cd87590702c78fa3acd6?s=96&d=mm&r=g","contentUrl":"https:\/\/secure.gravatar.com\/avatar\/6438109b1660cd87590702c78fa3acd6?s=96&d=mm&r=g","caption":"SBC Strausberg"},"url":"https:\/\/sbcud.net\/de\/author\/sbcstic-de\/"}]}},"_links":{"self":[{"href":"https:\/\/sbcud.net\/de\/wp-json\/wp\/v2\/posts\/10281"}],"collection":[{"href":"https:\/\/sbcud.net\/de\/wp-json\/wp\/v2\/posts"}],"about":[{"href":"https:\/\/sbcud.net\/de\/wp-json\/wp\/v2\/types\/post"}],"author":[{"embeddable":true,"href":"https:\/\/sbcud.net\/de\/wp-json\/wp\/v2\/users\/9"}],"replies":[{"embeddable":true,"href":"https:\/\/sbcud.net\/de\/wp-json\/wp\/v2\/comments?post=10281"}],"version-history":[{"count":5,"href":"https:\/\/sbcud.net\/de\/wp-json\/wp\/v2\/posts\/10281\/revisions"}],"predecessor-version":[{"id":10287,"href":"https:\/\/sbcud.net\/de\/wp-json\/wp\/v2\/posts\/10281\/revisions\/10287"}],"wp:featuredmedia":[{"embeddable":true,"href":"https:\/\/sbcud.net\/de\/wp-json\/wp\/v2\/media\/10276"}],"wp:attachment":[{"href":"https:\/\/sbcud.net\/de\/wp-json\/wp\/v2\/media?parent=10281"}],"wp:term":[{"taxonomy":"category","embeddable":true,"href":"https:\/\/sbcud.net\/de\/wp-json\/wp\/v2\/categories?post=10281"},{"taxonomy":"post_tag","embeddable":true,"href":"https:\/\/sbcud.net\/de\/wp-json\/wp\/v2\/tags?post=10281"}],"curies":[{"name":"wp","href":"https:\/\/api.w.org\/{rel}","templated":true}]}}