{"id":1897,"date":"2019-09-11T16:34:39","date_gmt":"2019-09-11T14:34:39","guid":{"rendered":"https:\/\/sbcud.net\/?p=1897"},"modified":"2019-11-05T11:21:32","modified_gmt":"2019-11-05T10:21:32","slug":"1897","status":"publish","type":"post","link":"https:\/\/sbcud.net\/de\/1897\/","title":{"rendered":"R\u00fcckblick: Unternehmerreise nach Barzkowice am 07.09.2019"},"content":{"rendered":"<p><span style=\"font-size: 12pt;\"><span style=\"font-family: Arial, serif;\">Am 07.09.2019 fand im Rahmen der Messe \u201eAgro Pomerania 2019\u201c im polnischen Barzkowice ein deutsch-polnischer Erfahrungsaustausch unter dem Titel: <\/span><span style=\"font-family: Arial, serif;\"><b>\u201eNachhaltige Entwicklung l\u00e4ndlicher R\u00e4ume\u201c <\/b><\/span><span style=\"font-family: Arial, serif;\">statt. An dem Treffen nahmen fast 50 Personen teil, vor allem Vertreter der deutschen und polnischen \u201eLokalen Aktionsgruppen\u201c (LAG) sowie sonstige Akteure des <\/span><\/span><span style=\"font-family: Arial, serif;\"><span style=\"font-size: small;\"><span style=\"font-size: 12pt;\">Europ\u00e4ischen LEADER-Programmes. Es konnten sogar 3 Vertreter Schwedischer LEADER-LAG\u2019s begr\u00fc\u00dft werden. Organisator der Veranstaltung war das <\/span><\/span><\/span><span style=\"font-size: 12pt;\"><span style=\"font-family: Arial, serif;\"><i>Service- und BeratungsCentrum Greifswald<\/i><\/span><span style=\"font-family: Arial, serif;\"> der Pomerania in Kooperation mit der <\/span><span style=\"font-family: Arial, serif;\"><i>LAG \u201eVorpommersche K\u00fcste\u201c.<\/i><\/span><span style=\"font-family: Arial, serif;\"> Gastgeber und Mitorganisator der Veranstaltung auf der polnischen Seite war das <\/span><span style=\"font-family: Arial, serif;\"><i>Westpommersche Landwirtschaftliche Beratungszentrum<\/i><\/span><span style=\"font-family: Arial, serif;\"> in Barzkowice<\/span><b> <\/b><span style=\"font-family: Arial, serif;\">(<\/span><span style=\"font-family: Arial, serif;\">Zachodniopomorski O\u015brodek Doradztwa Rolniczego w Barzkowicach<\/span><span style=\"font-family: Arial, serif;\">).<\/span><\/span><\/p>\n<p align=\"JUSTIFY\"><span style=\"font-family: Arial, serif; font-size: 12pt;\">Das Ziel der Veranstaltung war es, die Zusammenarbeit zwischen den Lokalen Aktionsgruppen aus Deutschland und Polen zu f\u00f6rdern und zu festigen und daraus einen Mehrwert in Form gemeinsamer grenz\u00fcberschreitender Projekte sowie der Bildung einer pommerschen, \u00fcberregionalen Identit\u00e4t entstehen zu lassen. Der Schwerpunkt lag dabei auf der gemeinsamen, nachhaltigen Entwicklung der l\u00e4ndlichen Regionen auf beiden Seiten der Oder hinsichtlich <\/span><\/p>\n<ul>\n<li>\n<p align=\"JUSTIFY\"><span style=\"font-family: 'Times New Roman', serif; font-size: 12pt;\"><span style=\"font-family: Arial, serif;\">der Nutzung erneuerbarer Energien auf dem Land<\/span><\/span><\/p>\n<\/li>\n<li>\n<p align=\"JUSTIFY\"><span style=\"font-family: 'Times New Roman', serif; font-size: 12pt;\"><span style=\"font-family: Arial, serif;\">der Schaffung einer Infrastruktur f\u00fcr emissionsarme Mobilit\u00e4t (Elektrofahrr\u00e4der, E-Motorroller, E-Scooter). <\/span><\/span><\/p>\n<\/li>\n<\/ul>\n<p align=\"JUSTIFY\"><span style=\"font-family: Arial, serif; font-size: 12pt;\">W\u00e4hrend des Treffens wurden von den deutschen und polnischen Akteuren von Lokalen Aktionsgruppen vier Vortr\u00e4ge gehalten. <\/span><span style=\"font-family: Arial, serif; font-size: 12pt;\">Die Themen der Referate waren:<\/span><\/p>\n<p align=\"JUSTIFY\"><span style=\"font-size: 12pt;\"><span style=\"font-family: Arial, serif;\">1) <\/span><span style=\"font-family: Arial, serif;\"><b>Nutzung erneuerbarer Energien in l\u00e4ndlichen Gebieten anhand guter Praktiken deutscher Partner<\/b><\/span><span style=\"font-family: Arial, serif;\"> \u2013 <\/span><span style=\"font-family: Arial, serif;\"><i>Ireneusz Kostka, Vizepr\u00e4sident des Vereines Lider Pojezierza<\/i><\/span><\/span><\/p>\n<p align=\"JUSTIFY\"><span style=\"font-size: 12pt;\"><span style=\"font-family: Arial, serif;\">2) <\/span><span style=\"font-family: Arial, serif;\"><b>Gemeinsame regionale Identit\u00e4t als Grundlage f\u00fcr gute Praktiken, die von lokalen Aktionsgruppen realisiert werden<\/b><\/span><span style=\"font-family: Arial, serif;\"> \u2013 <\/span><span style=\"font-family: Arial, serif;\"><i>Agnieszka Brodowska, Vizepr\u00e4sidentin des Zusammenschlusses Lokaler Aktionsgruppen in Westpommern<\/i><\/span><\/span><\/p>\n<p align=\"JUSTIFY\"><span style=\"font-size: 12pt;\"><span style=\"font-family: Arial, serif;\">3) <\/span><span style=\"font-family: Arial, serif;\"><b>Urtypisch Pommern \u2013 Leuchtturmregion f\u00fcr Nachhaltigkeit<\/b><\/span><span style=\"font-family: Arial, serif;\"> \u2013 <\/span><span style=\"font-family: Arial, serif;\"><i>Martin Schr\u00f6ter, LEADER-Vorsitzender LAG \u201eVorpommersche K\u00fcste\u201c<\/i><\/span><\/span><\/p>\n<p align=\"JUSTIFY\"><span style=\"font-size: 12pt;\"><span style=\"font-family: Arial, serif;\">4) <\/span><span style=\"font-family: Arial, serif;\"><b>Projekt: Elektromobile Ferienstra\u00dfe (emissionsarme Mobilit\u00e4t auf der Stra\u00dfe und dem Wasser)<\/b><\/span><span style=\"font-family: Arial, serif;\"> \u2013 <\/span><span style=\"font-family: Arial, serif;\"><i>Marcel Falk, LEADER-Vorsitzender LAG \u201eFlusslandschaft Peenetal\u201c<\/i><\/span><\/span><\/p>\n<p align=\"JUSTIFY\"><span style=\"font-family: Arial, serif; font-size: 12pt;\">Im Anschluss an die Vortr\u00e4ge hatten die Teilnehmer Zeit f\u00fcr Gespr\u00e4che, Fragen, Erfahrungsaustausch und Networking sowie eine Besichtigung der Messe. Alle Vortr\u00e4ge, Fragen, Diskussionen etc. wurden simultan \u00fcbersetzt.<\/span><\/p>\n<p align=\"JUSTIFY\"><span style=\"font-family: Arial, serif; font-size: 12pt;\">Die Messe \u201eAgro Pomerania\u201c findet in dem kleinen Ort Barzkowice in der N\u00e4he der Stadt Stargard seit \u00fcber 30 Jahren statt und ist zu einer der gr\u00f6\u00dften landwirtschaftlichen Veranstaltungen der Region geworden. In diesem Jahr haben sich \u00fcber 300 Aussteller bspw. aus den Bereichen landwirtschaftliche Maschinen, D\u00fcngemittel, Innovationen im Gartenbau und in der Agrarindustrie sowie aus dem Ern\u00e4hrungssektor pr\u00e4sentiert.<\/span><\/p>\n<p align=\"JUSTIFY\"><span style=\"font-family: Arial, serif; font-size: 12pt;\">F\u00fcr die meisten Teilnehmer der Reise war es der erste Besuch dieser Messe. Trotz einer teilweise mehr als 3-st\u00fcndigen Hin- bzw. R\u00fcckreise zeigten sich alles sehr zufrieden \u2013 sowohl mit der Organisation als auch mit dem Inhalt der Veranstaltung und den Impulsen, die f\u00fcr die weitere Arbeit der LAG`s von ihr ausgingen.<\/span><\/p>\n\n\t\t<style type=\"text\/css\">\n\t\t\t#gallery-1 {\n\t\t\t\tmargin: auto;\n\t\t\t}\n\t\t\t#gallery-1 .gallery-item {\n\t\t\t\tfloat: left;\n\t\t\t\tmargin-top: 10px;\n\t\t\t\ttext-align: center;\n\t\t\t\twidth: 33%;\n\t\t\t}\n\t\t\t#gallery-1 img {\n\t\t\t\tborder: 2px solid #cfcfcf;\n\t\t\t}\n\t\t\t#gallery-1 .gallery-caption {\n\t\t\t\tmargin-left: 0;\n\t\t\t}\n\t\t\t\/* see gallery_shortcode() in wp-includes\/media.php *\/\n\t\t<\/style>\n\t\t<div id='gallery-1' class='gallery galleryid-1897 gallery-columns-3 gallery-size-medium'><dl class='gallery-item'>\n\t\t\t<dt class='gallery-icon landscape'>\n\t\t\t\t<a href='https:\/\/sbcud.net\/wp-content\/uploads\/2019\/09\/20190907_122745-1.jpg'><img width=\"300\" height=\"169\" src=\"https:\/\/sbcud.net\/wp-content\/uploads\/2019\/09\/20190907_122745-1-300x169.jpg\" class=\"attachment-medium size-medium\" alt=\"\" loading=\"lazy\" \/><\/a>\n\t\t\t<\/dt><\/dl><dl class='gallery-item'>\n\t\t\t<dt class='gallery-icon landscape'>\n\t\t\t\t<a href='https:\/\/sbcud.net\/wp-content\/uploads\/2019\/09\/20190907_135323.jpg'><img width=\"300\" height=\"169\" src=\"https:\/\/sbcud.net\/wp-content\/uploads\/2019\/09\/20190907_135323-300x169.jpg\" class=\"attachment-medium size-medium\" alt=\"\" loading=\"lazy\" \/><\/a>\n\t\t\t<\/dt><\/dl>\n\t\t\t<br style='clear: both' \/>\n\t\t<\/div>\n\n","protected":false},"excerpt":{"rendered":"<p>Am 07.09.2019 fand im Rahmen der Messe \u201eAgro Pomerania 2019\u201c im polnischen Barzkowice ein deutsch-polnischer Erfahrungsaustausch unter dem Titel: \u201eNachhaltige Entwicklung l\u00e4ndlicher R\u00e4ume\u201c statt. An dem Treffen nahmen fast 50 Personen teil, vor allem Vertreter der deutschen und polnischen \u201eLokalen Aktionsgruppen\u201c (LAG) sowie sonstige Akteure des Europ\u00e4ischen LEADER-Programmes. Es konnten sogar 3 Vertreter Schwedischer LEADER-LAG\u2019s [&hellip;]<\/p>\n","protected":false},"author":6,"featured_media":1888,"comment_status":"closed","ping_status":"open","sticky":false,"template":"","format":"standard","meta":{"_et_pb_use_builder":"","_et_pb_old_content":"","_et_gb_content_width":"","om_disable_all_campaigns":false,"_monsterinsights_skip_tracking":false,"_monsterinsights_sitenote_active":false,"_monsterinsights_sitenote_note":"","_monsterinsights_sitenote_category":0},"categories":[224,105],"tags":[],"aioseo_notices":[],"yoast_head":"<!-- This site is optimized with the Yoast SEO plugin v19.11 - https:\/\/yoast.com\/wordpress\/plugins\/seo\/ -->\n<title>R\u00fcckblick: Unternehmerreise nach Barzkowice am 07.09.2019 - SBCUD<\/title>\n<meta name=\"robots\" content=\"index, follow, max-snippet:-1, max-image-preview:large, max-video-preview:-1\" \/>\n<link rel=\"canonical\" href=\"https:\/\/sbcud.net\/de\/1897\/\" \/>\n<meta property=\"og:locale\" content=\"de_DE\" \/>\n<meta property=\"og:type\" content=\"article\" \/>\n<meta property=\"og:title\" content=\"R\u00fcckblick: Unternehmerreise nach Barzkowice am 07.09.2019 - SBCUD\" \/>\n<meta property=\"og:description\" content=\"Am 07.09.2019 fand im Rahmen der Messe \u201eAgro Pomerania 2019\u201c im polnischen Barzkowice ein deutsch-polnischer Erfahrungsaustausch unter dem Titel: \u201eNachhaltige Entwicklung l\u00e4ndlicher R\u00e4ume\u201c statt. An dem Treffen nahmen fast 50 Personen teil, vor allem Vertreter der deutschen und polnischen \u201eLokalen Aktionsgruppen\u201c (LAG) sowie sonstige Akteure des Europ\u00e4ischen LEADER-Programmes. Es konnten sogar 3 Vertreter Schwedischer LEADER-LAG\u2019s [&hellip;]\" \/>\n<meta property=\"og:url\" content=\"https:\/\/sbcud.net\/de\/1897\/\" \/>\n<meta property=\"og:site_name\" content=\"SBCUD\" \/>\n<meta property=\"article:publisher\" content=\"https:\/\/www.facebook.com\/SBC.CUD\" \/>\n<meta property=\"article:published_time\" content=\"2019-09-11T14:34:39+00:00\" \/>\n<meta property=\"article:modified_time\" content=\"2019-11-05T10:21:32+00:00\" \/>\n<meta property=\"og:image\" content=\"https:\/\/sbcud.net\/wp-content\/uploads\/2019\/09\/20190907_142226.jpg\" \/>\n\t<meta property=\"og:image:width\" content=\"3264\" \/>\n\t<meta property=\"og:image:height\" content=\"1840\" \/>\n\t<meta property=\"og:image:type\" content=\"image\/jpeg\" \/>\n<meta name=\"author\" content=\"SBC Greifswald\" \/>\n<meta name=\"twitter:card\" content=\"summary_large_image\" \/>\n<meta name=\"twitter:label1\" content=\"Verfasst von\" \/>\n\t<meta name=\"twitter:data1\" content=\"SBC Greifswald\" \/>\n\t<meta name=\"twitter:label2\" content=\"Gesch\u00e4tzte Lesezeit\" \/>\n\t<meta name=\"twitter:data2\" content=\"2\u00a0Minuten\" \/>\n<script type=\"application\/ld+json\" class=\"yoast-schema-graph\">{\"@context\":\"https:\/\/schema.org\",\"@graph\":[{\"@type\":\"Article\",\"@id\":\"https:\/\/sbcud.net\/de\/1897\/#article\",\"isPartOf\":{\"@id\":\"https:\/\/sbcud.net\/de\/1897\/\"},\"author\":{\"name\":\"SBC Greifswald\",\"@id\":\"https:\/\/sbcud.net\/de\/#\/schema\/person\/f3f8b3f694de5e84c9fb6c8778f8a83d\"},\"headline\":\"R\u00fcckblick: Unternehmerreise nach Barzkowice am 07.09.2019\",\"datePublished\":\"2019-09-11T14:34:39+00:00\",\"dateModified\":\"2019-11-05T10:21:32+00:00\",\"mainEntityOfPage\":{\"@id\":\"https:\/\/sbcud.net\/de\/1897\/\"},\"wordCount\":447,\"publisher\":{\"@id\":\"https:\/\/sbcud.net\/de\/#organization\"},\"articleSection\":[\"+\",\"Greifswald\"],\"inLanguage\":\"de\"},{\"@type\":\"WebPage\",\"@id\":\"https:\/\/sbcud.net\/de\/1897\/\",\"url\":\"https:\/\/sbcud.net\/de\/1897\/\",\"name\":\"R\u00fcckblick: Unternehmerreise nach Barzkowice am 07.09.2019 - SBCUD\",\"isPartOf\":{\"@id\":\"https:\/\/sbcud.net\/de\/#website\"},\"datePublished\":\"2019-09-11T14:34:39+00:00\",\"dateModified\":\"2019-11-05T10:21:32+00:00\",\"breadcrumb\":{\"@id\":\"https:\/\/sbcud.net\/de\/1897\/#breadcrumb\"},\"inLanguage\":\"de\",\"potentialAction\":[{\"@type\":\"ReadAction\",\"target\":[\"https:\/\/sbcud.net\/de\/1897\/\"]}]},{\"@type\":\"BreadcrumbList\",\"@id\":\"https:\/\/sbcud.net\/de\/1897\/#breadcrumb\",\"itemListElement\":[{\"@type\":\"ListItem\",\"position\":1,\"name\":\"Strona g\u0142\u00f3wna\",\"item\":\"https:\/\/sbcud.net\/de\/\"},{\"@type\":\"ListItem\",\"position\":2,\"name\":\"R\u00fcckblick: Unternehmerreise nach Barzkowice am 07.09.2019\"}]},{\"@type\":\"WebSite\",\"@id\":\"https:\/\/sbcud.net\/de\/#website\",\"url\":\"https:\/\/sbcud.net\/de\/\",\"name\":\"SBCUD\",\"description\":\"Centra us\u0142ugowo-doradcze\",\"publisher\":{\"@id\":\"https:\/\/sbcud.net\/de\/#organization\"},\"potentialAction\":[{\"@type\":\"SearchAction\",\"target\":{\"@type\":\"EntryPoint\",\"urlTemplate\":\"https:\/\/sbcud.net\/de\/?s={search_term_string}\"},\"query-input\":\"required name=search_term_string\"}],\"inLanguage\":\"de\"},{\"@type\":\"Organization\",\"@id\":\"https:\/\/sbcud.net\/de\/#organization\",\"name\":\"SBCUD\",\"url\":\"https:\/\/sbcud.net\/de\/\",\"logo\":{\"@type\":\"ImageObject\",\"inLanguage\":\"de\",\"@id\":\"https:\/\/sbcud.net\/de\/#\/schema\/logo\/image\/\",\"url\":\"https:\/\/sbcud.net\/wp-content\/uploads\/2019\/03\/Logo_Farbig_RGB_Transparent_www.png\",\"contentUrl\":\"https:\/\/sbcud.net\/wp-content\/uploads\/2019\/03\/Logo_Farbig_RGB_Transparent_www.png\",\"width\":332,\"height\":100,\"caption\":\"SBCUD\"},\"image\":{\"@id\":\"https:\/\/sbcud.net\/de\/#\/schema\/logo\/image\/\"},\"sameAs\":[\"https:\/\/www.facebook.com\/SBC.CUD\"]},{\"@type\":\"Person\",\"@id\":\"https:\/\/sbcud.net\/de\/#\/schema\/person\/f3f8b3f694de5e84c9fb6c8778f8a83d\",\"name\":\"SBC Greifswald\",\"image\":{\"@type\":\"ImageObject\",\"inLanguage\":\"de\",\"@id\":\"https:\/\/sbcud.net\/de\/#\/schema\/person\/image\/\",\"url\":\"https:\/\/secure.gravatar.com\/avatar\/78f05040d81133f5e77d239eff458413?s=96&d=mm&r=g\",\"contentUrl\":\"https:\/\/secure.gravatar.com\/avatar\/78f05040d81133f5e77d239eff458413?s=96&d=mm&r=g\",\"caption\":\"SBC Greifswald\"},\"url\":\"https:\/\/sbcud.net\/de\/author\/sbc-greifswaldpomerania-net\/\"}]}<\/script>\n<!-- \/ Yoast SEO plugin. -->","yoast_head_json":{"title":"R\u00fcckblick: Unternehmerreise nach Barzkowice am 07.09.2019 - SBCUD","robots":{"index":"index","follow":"follow","max-snippet":"max-snippet:-1","max-image-preview":"max-image-preview:large","max-video-preview":"max-video-preview:-1"},"canonical":"https:\/\/sbcud.net\/de\/1897\/","og_locale":"de_DE","og_type":"article","og_title":"R\u00fcckblick: Unternehmerreise nach Barzkowice am 07.09.2019 - SBCUD","og_description":"Am 07.09.2019 fand im Rahmen der Messe \u201eAgro Pomerania 2019\u201c im polnischen Barzkowice ein deutsch-polnischer Erfahrungsaustausch unter dem Titel: \u201eNachhaltige Entwicklung l\u00e4ndlicher R\u00e4ume\u201c statt. An dem Treffen nahmen fast 50 Personen teil, vor allem Vertreter der deutschen und polnischen \u201eLokalen Aktionsgruppen\u201c (LAG) sowie sonstige Akteure des Europ\u00e4ischen LEADER-Programmes. Es konnten sogar 3 Vertreter Schwedischer LEADER-LAG\u2019s [&hellip;]","og_url":"https:\/\/sbcud.net\/de\/1897\/","og_site_name":"SBCUD","article_publisher":"https:\/\/www.facebook.com\/SBC.CUD","article_published_time":"2019-09-11T14:34:39+00:00","article_modified_time":"2019-11-05T10:21:32+00:00","og_image":[{"width":3264,"height":1840,"url":"https:\/\/sbcud.net\/wp-content\/uploads\/2019\/09\/20190907_142226.jpg","type":"image\/jpeg"}],"author":"SBC Greifswald","twitter_card":"summary_large_image","twitter_misc":{"Verfasst von":"SBC Greifswald","Gesch\u00e4tzte Lesezeit":"2\u00a0Minuten"},"schema":{"@context":"https:\/\/schema.org","@graph":[{"@type":"Article","@id":"https:\/\/sbcud.net\/de\/1897\/#article","isPartOf":{"@id":"https:\/\/sbcud.net\/de\/1897\/"},"author":{"name":"SBC Greifswald","@id":"https:\/\/sbcud.net\/de\/#\/schema\/person\/f3f8b3f694de5e84c9fb6c8778f8a83d"},"headline":"R\u00fcckblick: Unternehmerreise nach Barzkowice am 07.09.2019","datePublished":"2019-09-11T14:34:39+00:00","dateModified":"2019-11-05T10:21:32+00:00","mainEntityOfPage":{"@id":"https:\/\/sbcud.net\/de\/1897\/"},"wordCount":447,"publisher":{"@id":"https:\/\/sbcud.net\/de\/#organization"},"articleSection":["+","Greifswald"],"inLanguage":"de"},{"@type":"WebPage","@id":"https:\/\/sbcud.net\/de\/1897\/","url":"https:\/\/sbcud.net\/de\/1897\/","name":"R\u00fcckblick: Unternehmerreise nach Barzkowice am 07.09.2019 - SBCUD","isPartOf":{"@id":"https:\/\/sbcud.net\/de\/#website"},"datePublished":"2019-09-11T14:34:39+00:00","dateModified":"2019-11-05T10:21:32+00:00","breadcrumb":{"@id":"https:\/\/sbcud.net\/de\/1897\/#breadcrumb"},"inLanguage":"de","potentialAction":[{"@type":"ReadAction","target":["https:\/\/sbcud.net\/de\/1897\/"]}]},{"@type":"BreadcrumbList","@id":"https:\/\/sbcud.net\/de\/1897\/#breadcrumb","itemListElement":[{"@type":"ListItem","position":1,"name":"Strona g\u0142\u00f3wna","item":"https:\/\/sbcud.net\/de\/"},{"@type":"ListItem","position":2,"name":"R\u00fcckblick: Unternehmerreise nach Barzkowice am 07.09.2019"}]},{"@type":"WebSite","@id":"https:\/\/sbcud.net\/de\/#website","url":"https:\/\/sbcud.net\/de\/","name":"SBCUD","description":"Centra us\u0142ugowo-doradcze","publisher":{"@id":"https:\/\/sbcud.net\/de\/#organization"},"potentialAction":[{"@type":"SearchAction","target":{"@type":"EntryPoint","urlTemplate":"https:\/\/sbcud.net\/de\/?s={search_term_string}"},"query-input":"required name=search_term_string"}],"inLanguage":"de"},{"@type":"Organization","@id":"https:\/\/sbcud.net\/de\/#organization","name":"SBCUD","url":"https:\/\/sbcud.net\/de\/","logo":{"@type":"ImageObject","inLanguage":"de","@id":"https:\/\/sbcud.net\/de\/#\/schema\/logo\/image\/","url":"https:\/\/sbcud.net\/wp-content\/uploads\/2019\/03\/Logo_Farbig_RGB_Transparent_www.png","contentUrl":"https:\/\/sbcud.net\/wp-content\/uploads\/2019\/03\/Logo_Farbig_RGB_Transparent_www.png","width":332,"height":100,"caption":"SBCUD"},"image":{"@id":"https:\/\/sbcud.net\/de\/#\/schema\/logo\/image\/"},"sameAs":["https:\/\/www.facebook.com\/SBC.CUD"]},{"@type":"Person","@id":"https:\/\/sbcud.net\/de\/#\/schema\/person\/f3f8b3f694de5e84c9fb6c8778f8a83d","name":"SBC Greifswald","image":{"@type":"ImageObject","inLanguage":"de","@id":"https:\/\/sbcud.net\/de\/#\/schema\/person\/image\/","url":"https:\/\/secure.gravatar.com\/avatar\/78f05040d81133f5e77d239eff458413?s=96&d=mm&r=g","contentUrl":"https:\/\/secure.gravatar.com\/avatar\/78f05040d81133f5e77d239eff458413?s=96&d=mm&r=g","caption":"SBC Greifswald"},"url":"https:\/\/sbcud.net\/de\/author\/sbc-greifswaldpomerania-net\/"}]}},"_links":{"self":[{"href":"https:\/\/sbcud.net\/de\/wp-json\/wp\/v2\/posts\/1897"}],"collection":[{"href":"https:\/\/sbcud.net\/de\/wp-json\/wp\/v2\/posts"}],"about":[{"href":"https:\/\/sbcud.net\/de\/wp-json\/wp\/v2\/types\/post"}],"author":[{"embeddable":true,"href":"https:\/\/sbcud.net\/de\/wp-json\/wp\/v2\/users\/6"}],"replies":[{"embeddable":true,"href":"https:\/\/sbcud.net\/de\/wp-json\/wp\/v2\/comments?post=1897"}],"version-history":[{"count":2,"href":"https:\/\/sbcud.net\/de\/wp-json\/wp\/v2\/posts\/1897\/revisions"}],"predecessor-version":[{"id":1902,"href":"https:\/\/sbcud.net\/de\/wp-json\/wp\/v2\/posts\/1897\/revisions\/1902"}],"wp:featuredmedia":[{"embeddable":true,"href":"https:\/\/sbcud.net\/de\/wp-json\/wp\/v2\/media\/1888"}],"wp:attachment":[{"href":"https:\/\/sbcud.net\/de\/wp-json\/wp\/v2\/media?parent=1897"}],"wp:term":[{"taxonomy":"category","embeddable":true,"href":"https:\/\/sbcud.net\/de\/wp-json\/wp\/v2\/categories?post=1897"},{"taxonomy":"post_tag","embeddable":true,"href":"https:\/\/sbcud.net\/de\/wp-json\/wp\/v2\/tags?post=1897"}],"curies":[{"name":"wp","href":"https:\/\/api.w.org\/{rel}","templated":true}]}}