{"id":3935,"date":"2020-12-16T10:41:59","date_gmt":"2020-12-16T09:41:59","guid":{"rendered":"https:\/\/sbcud.net\/?p=3935"},"modified":"2020-12-16T10:41:59","modified_gmt":"2020-12-16T09:41:59","slug":"virtuelle-reise-an-oder-und-stettiner-haff","status":"publish","type":"post","link":"https:\/\/sbcud.net\/de\/virtuelle-reise-an-oder-und-stettiner-haff\/","title":{"rendered":"Virtuelle Reise an Oder und Stettiner Haff"},"content":{"rendered":"<p>Bleiben sie zuhause und\u2026 entdecken sie die Euroregion Pomerania online. Lassen sie sich inspirieren und besuchen sie uns recht bald ganz real. Eine virtuelle Reise durch die Euroregion Pomerania, beiderseits von Oder und Stettiner Haff. Entdecken sie die Sch\u00f6nheit einer Region &#8211; starten sie jetzt &#8211; sicher und online. Ein virtueller Spaziergang &#8211; per Telefon oder Komputer besuchen sie schon heute 120 spannende Ecken an einem Tag.\u00a0\u00a0\u00a0 <a href=\"https:\/\/www.pomerania360.eu\/\">https:\/\/www.pomerania360.eu\/<\/a><\/p>\n<p>Die Realisierung des Projekts \u201eVirtuelle Reise an Oder und Stettiner Haff\u201d \u00a0wird durch die Europ\u00e4ische Union aus Mitteln des Fonds f\u00fcr Regionale Entwicklung (EFRE) kofinanziert. Lead Partner ist die\u00a0 Gesellschaft Forum Regionaler Touristik in Polen mit Sitz in Stettin (Stowarzyszenie Forum Turystyki Region\u00f3w) <a href=\"\/https:\/\/forumturystyki.pl\/\">\u00a0https:\/\/forumturystyki.pl<\/a><\/p>\n<p>Deutscher Projektpartner ist die F\u00f6rder- und Entwicklungsgesellschaft Vorpommern-Greifswald mbH in Pasewalk &#8211; <a href=\"http:\/\/www.feg-vorpommern.de\/pl\">www.feg-vorpommern.de\/pl<\/a>.<\/p>\n","protected":false},"excerpt":{"rendered":"<p>Bleiben sie zuhause und\u2026 entdecken sie die Euroregion Pomerania online. Lassen sie sich inspirieren und besuchen sie uns recht bald ganz real. Eine virtuelle Reise durch die Euroregion Pomerania, beiderseits von Oder und Stettiner Haff. Entdecken sie die Sch\u00f6nheit einer Region &#8211; starten sie jetzt &#8211; sicher und online. Ein virtueller Spaziergang &#8211; per Telefon [&hellip;]<\/p>\n","protected":false},"author":15,"featured_media":3936,"comment_status":"closed","ping_status":"open","sticky":false,"template":"","format":"standard","meta":{"_et_pb_use_builder":"","_et_pb_old_content":"","_et_gb_content_width":"","om_disable_all_campaigns":false,"_monsterinsights_skip_tracking":false,"_monsterinsights_sitenote_active":false,"_monsterinsights_sitenote_note":"","_monsterinsights_sitenote_category":0},"categories":[224,101],"tags":[],"aioseo_notices":[],"yoast_head":"<!-- This site is optimized with the Yoast SEO plugin v19.11 - https:\/\/yoast.com\/wordpress\/plugins\/seo\/ -->\n<title>Virtuelle Reise an Oder und Stettiner Haff - SBCUD<\/title>\n<meta name=\"robots\" content=\"index, follow, max-snippet:-1, max-image-preview:large, max-video-preview:-1\" \/>\n<link rel=\"canonical\" href=\"https:\/\/sbcud.net\/de\/virtuelle-reise-an-oder-und-stettiner-haff\/\" \/>\n<meta property=\"og:locale\" content=\"de_DE\" \/>\n<meta property=\"og:type\" content=\"article\" \/>\n<meta property=\"og:title\" content=\"Virtuelle Reise an Oder und Stettiner Haff - SBCUD\" \/>\n<meta property=\"og:description\" content=\"Bleiben sie zuhause und\u2026 entdecken sie die Euroregion Pomerania online. Lassen sie sich inspirieren und besuchen sie uns recht bald ganz real. Eine virtuelle Reise durch die Euroregion Pomerania, beiderseits von Oder und Stettiner Haff. Entdecken sie die Sch\u00f6nheit einer Region &#8211; starten sie jetzt &#8211; sicher und online. Ein virtueller Spaziergang &#8211; per Telefon [&hellip;]\" \/>\n<meta property=\"og:url\" content=\"https:\/\/sbcud.net\/de\/virtuelle-reise-an-oder-und-stettiner-haff\/\" \/>\n<meta property=\"og:site_name\" content=\"SBCUD\" \/>\n<meta property=\"article:publisher\" content=\"https:\/\/www.facebook.com\/SBC.CUD\" \/>\n<meta property=\"article:published_time\" content=\"2020-12-16T09:41:59+00:00\" \/>\n<meta property=\"og:image\" content=\"https:\/\/sbcud.net\/wp-content\/uploads\/2020\/12\/Screenshot_2020-12-16-Pomerania360-Euroregion-Pomerania.jpg\" \/>\n\t<meta property=\"og:image:width\" content=\"1521\" \/>\n\t<meta property=\"og:image:height\" content=\"801\" \/>\n\t<meta property=\"og:image:type\" content=\"image\/jpeg\" \/>\n<meta name=\"author\" content=\"CUD \u015awinouj\u015bcie\" \/>\n<meta name=\"twitter:card\" content=\"summary_large_image\" \/>\n<meta name=\"twitter:label1\" content=\"Verfasst von\" \/>\n\t<meta name=\"twitter:data1\" content=\"CUD \u015awinouj\u015bcie\" \/>\n\t<meta name=\"twitter:label2\" content=\"Gesch\u00e4tzte Lesezeit\" \/>\n\t<meta name=\"twitter:data2\" content=\"1\u00a0Minute\" \/>\n<script type=\"application\/ld+json\" class=\"yoast-schema-graph\">{\"@context\":\"https:\/\/schema.org\",\"@graph\":[{\"@type\":\"Article\",\"@id\":\"https:\/\/sbcud.net\/de\/virtuelle-reise-an-oder-und-stettiner-haff\/#article\",\"isPartOf\":{\"@id\":\"https:\/\/sbcud.net\/de\/virtuelle-reise-an-oder-und-stettiner-haff\/\"},\"author\":{\"name\":\"CUD \u015awinouj\u015bcie\",\"@id\":\"https:\/\/sbcud.net\/de\/#\/schema\/person\/06c39f3142e6786ac8bd1d6442a223ae\"},\"headline\":\"Virtuelle Reise an Oder und Stettiner Haff\",\"datePublished\":\"2020-12-16T09:41:59+00:00\",\"dateModified\":\"2020-12-16T09:41:59+00:00\",\"mainEntityOfPage\":{\"@id\":\"https:\/\/sbcud.net\/de\/virtuelle-reise-an-oder-und-stettiner-haff\/\"},\"wordCount\":144,\"publisher\":{\"@id\":\"https:\/\/sbcud.net\/de\/#organization\"},\"articleSection\":[\"+\",\"\u015awinouj\u015bcie\"],\"inLanguage\":\"de\"},{\"@type\":\"WebPage\",\"@id\":\"https:\/\/sbcud.net\/de\/virtuelle-reise-an-oder-und-stettiner-haff\/\",\"url\":\"https:\/\/sbcud.net\/de\/virtuelle-reise-an-oder-und-stettiner-haff\/\",\"name\":\"Virtuelle Reise an Oder und Stettiner Haff - SBCUD\",\"isPartOf\":{\"@id\":\"https:\/\/sbcud.net\/de\/#website\"},\"datePublished\":\"2020-12-16T09:41:59+00:00\",\"dateModified\":\"2020-12-16T09:41:59+00:00\",\"breadcrumb\":{\"@id\":\"https:\/\/sbcud.net\/de\/virtuelle-reise-an-oder-und-stettiner-haff\/#breadcrumb\"},\"inLanguage\":\"de\",\"potentialAction\":[{\"@type\":\"ReadAction\",\"target\":[\"https:\/\/sbcud.net\/de\/virtuelle-reise-an-oder-und-stettiner-haff\/\"]}]},{\"@type\":\"BreadcrumbList\",\"@id\":\"https:\/\/sbcud.net\/de\/virtuelle-reise-an-oder-und-stettiner-haff\/#breadcrumb\",\"itemListElement\":[{\"@type\":\"ListItem\",\"position\":1,\"name\":\"Strona g\u0142\u00f3wna\",\"item\":\"https:\/\/sbcud.net\/de\/\"},{\"@type\":\"ListItem\",\"position\":2,\"name\":\"Virtuelle Reise an Oder und Stettiner Haff\"}]},{\"@type\":\"WebSite\",\"@id\":\"https:\/\/sbcud.net\/de\/#website\",\"url\":\"https:\/\/sbcud.net\/de\/\",\"name\":\"SBCUD\",\"description\":\"Centra us\u0142ugowo-doradcze\",\"publisher\":{\"@id\":\"https:\/\/sbcud.net\/de\/#organization\"},\"potentialAction\":[{\"@type\":\"SearchAction\",\"target\":{\"@type\":\"EntryPoint\",\"urlTemplate\":\"https:\/\/sbcud.net\/de\/?s={search_term_string}\"},\"query-input\":\"required name=search_term_string\"}],\"inLanguage\":\"de\"},{\"@type\":\"Organization\",\"@id\":\"https:\/\/sbcud.net\/de\/#organization\",\"name\":\"SBCUD\",\"url\":\"https:\/\/sbcud.net\/de\/\",\"logo\":{\"@type\":\"ImageObject\",\"inLanguage\":\"de\",\"@id\":\"https:\/\/sbcud.net\/de\/#\/schema\/logo\/image\/\",\"url\":\"https:\/\/sbcud.net\/wp-content\/uploads\/2019\/03\/Logo_Farbig_RGB_Transparent_www.png\",\"contentUrl\":\"https:\/\/sbcud.net\/wp-content\/uploads\/2019\/03\/Logo_Farbig_RGB_Transparent_www.png\",\"width\":332,\"height\":100,\"caption\":\"SBCUD\"},\"image\":{\"@id\":\"https:\/\/sbcud.net\/de\/#\/schema\/logo\/image\/\"},\"sameAs\":[\"https:\/\/www.facebook.com\/SBC.CUD\"]},{\"@type\":\"Person\",\"@id\":\"https:\/\/sbcud.net\/de\/#\/schema\/person\/06c39f3142e6786ac8bd1d6442a223ae\",\"name\":\"CUD \u015awinouj\u015bcie\",\"image\":{\"@type\":\"ImageObject\",\"inLanguage\":\"de\",\"@id\":\"https:\/\/sbcud.net\/de\/#\/schema\/person\/image\/\",\"url\":\"https:\/\/secure.gravatar.com\/avatar\/b0610572ad2fe62fa128fa4acd0f003b?s=96&d=mm&r=g\",\"contentUrl\":\"https:\/\/secure.gravatar.com\/avatar\/b0610572ad2fe62fa128fa4acd0f003b?s=96&d=mm&r=g\",\"caption\":\"CUD \u015awinouj\u015bcie\"},\"url\":\"https:\/\/sbcud.net\/de\/author\/cudum-swinoujscie-pl\/\"}]}<\/script>\n<!-- \/ Yoast SEO plugin. -->","yoast_head_json":{"title":"Virtuelle Reise an Oder und Stettiner Haff - SBCUD","robots":{"index":"index","follow":"follow","max-snippet":"max-snippet:-1","max-image-preview":"max-image-preview:large","max-video-preview":"max-video-preview:-1"},"canonical":"https:\/\/sbcud.net\/de\/virtuelle-reise-an-oder-und-stettiner-haff\/","og_locale":"de_DE","og_type":"article","og_title":"Virtuelle Reise an Oder und Stettiner Haff - SBCUD","og_description":"Bleiben sie zuhause und\u2026 entdecken sie die Euroregion Pomerania online. Lassen sie sich inspirieren und besuchen sie uns recht bald ganz real. Eine virtuelle Reise durch die Euroregion Pomerania, beiderseits von Oder und Stettiner Haff. Entdecken sie die Sch\u00f6nheit einer Region &#8211; starten sie jetzt &#8211; sicher und online. Ein virtueller Spaziergang &#8211; per Telefon [&hellip;]","og_url":"https:\/\/sbcud.net\/de\/virtuelle-reise-an-oder-und-stettiner-haff\/","og_site_name":"SBCUD","article_publisher":"https:\/\/www.facebook.com\/SBC.CUD","article_published_time":"2020-12-16T09:41:59+00:00","og_image":[{"width":1521,"height":801,"url":"https:\/\/sbcud.net\/wp-content\/uploads\/2020\/12\/Screenshot_2020-12-16-Pomerania360-Euroregion-Pomerania.jpg","type":"image\/jpeg"}],"author":"CUD \u015awinouj\u015bcie","twitter_card":"summary_large_image","twitter_misc":{"Verfasst von":"CUD \u015awinouj\u015bcie","Gesch\u00e4tzte Lesezeit":"1\u00a0Minute"},"schema":{"@context":"https:\/\/schema.org","@graph":[{"@type":"Article","@id":"https:\/\/sbcud.net\/de\/virtuelle-reise-an-oder-und-stettiner-haff\/#article","isPartOf":{"@id":"https:\/\/sbcud.net\/de\/virtuelle-reise-an-oder-und-stettiner-haff\/"},"author":{"name":"CUD \u015awinouj\u015bcie","@id":"https:\/\/sbcud.net\/de\/#\/schema\/person\/06c39f3142e6786ac8bd1d6442a223ae"},"headline":"Virtuelle Reise an Oder und Stettiner Haff","datePublished":"2020-12-16T09:41:59+00:00","dateModified":"2020-12-16T09:41:59+00:00","mainEntityOfPage":{"@id":"https:\/\/sbcud.net\/de\/virtuelle-reise-an-oder-und-stettiner-haff\/"},"wordCount":144,"publisher":{"@id":"https:\/\/sbcud.net\/de\/#organization"},"articleSection":["+","\u015awinouj\u015bcie"],"inLanguage":"de"},{"@type":"WebPage","@id":"https:\/\/sbcud.net\/de\/virtuelle-reise-an-oder-und-stettiner-haff\/","url":"https:\/\/sbcud.net\/de\/virtuelle-reise-an-oder-und-stettiner-haff\/","name":"Virtuelle Reise an Oder und Stettiner Haff - SBCUD","isPartOf":{"@id":"https:\/\/sbcud.net\/de\/#website"},"datePublished":"2020-12-16T09:41:59+00:00","dateModified":"2020-12-16T09:41:59+00:00","breadcrumb":{"@id":"https:\/\/sbcud.net\/de\/virtuelle-reise-an-oder-und-stettiner-haff\/#breadcrumb"},"inLanguage":"de","potentialAction":[{"@type":"ReadAction","target":["https:\/\/sbcud.net\/de\/virtuelle-reise-an-oder-und-stettiner-haff\/"]}]},{"@type":"BreadcrumbList","@id":"https:\/\/sbcud.net\/de\/virtuelle-reise-an-oder-und-stettiner-haff\/#breadcrumb","itemListElement":[{"@type":"ListItem","position":1,"name":"Strona g\u0142\u00f3wna","item":"https:\/\/sbcud.net\/de\/"},{"@type":"ListItem","position":2,"name":"Virtuelle Reise an Oder und Stettiner Haff"}]},{"@type":"WebSite","@id":"https:\/\/sbcud.net\/de\/#website","url":"https:\/\/sbcud.net\/de\/","name":"SBCUD","description":"Centra us\u0142ugowo-doradcze","publisher":{"@id":"https:\/\/sbcud.net\/de\/#organization"},"potentialAction":[{"@type":"SearchAction","target":{"@type":"EntryPoint","urlTemplate":"https:\/\/sbcud.net\/de\/?s={search_term_string}"},"query-input":"required name=search_term_string"}],"inLanguage":"de"},{"@type":"Organization","@id":"https:\/\/sbcud.net\/de\/#organization","name":"SBCUD","url":"https:\/\/sbcud.net\/de\/","logo":{"@type":"ImageObject","inLanguage":"de","@id":"https:\/\/sbcud.net\/de\/#\/schema\/logo\/image\/","url":"https:\/\/sbcud.net\/wp-content\/uploads\/2019\/03\/Logo_Farbig_RGB_Transparent_www.png","contentUrl":"https:\/\/sbcud.net\/wp-content\/uploads\/2019\/03\/Logo_Farbig_RGB_Transparent_www.png","width":332,"height":100,"caption":"SBCUD"},"image":{"@id":"https:\/\/sbcud.net\/de\/#\/schema\/logo\/image\/"},"sameAs":["https:\/\/www.facebook.com\/SBC.CUD"]},{"@type":"Person","@id":"https:\/\/sbcud.net\/de\/#\/schema\/person\/06c39f3142e6786ac8bd1d6442a223ae","name":"CUD \u015awinouj\u015bcie","image":{"@type":"ImageObject","inLanguage":"de","@id":"https:\/\/sbcud.net\/de\/#\/schema\/person\/image\/","url":"https:\/\/secure.gravatar.com\/avatar\/b0610572ad2fe62fa128fa4acd0f003b?s=96&d=mm&r=g","contentUrl":"https:\/\/secure.gravatar.com\/avatar\/b0610572ad2fe62fa128fa4acd0f003b?s=96&d=mm&r=g","caption":"CUD \u015awinouj\u015bcie"},"url":"https:\/\/sbcud.net\/de\/author\/cudum-swinoujscie-pl\/"}]}},"_links":{"self":[{"href":"https:\/\/sbcud.net\/de\/wp-json\/wp\/v2\/posts\/3935"}],"collection":[{"href":"https:\/\/sbcud.net\/de\/wp-json\/wp\/v2\/posts"}],"about":[{"href":"https:\/\/sbcud.net\/de\/wp-json\/wp\/v2\/types\/post"}],"author":[{"embeddable":true,"href":"https:\/\/sbcud.net\/de\/wp-json\/wp\/v2\/users\/15"}],"replies":[{"embeddable":true,"href":"https:\/\/sbcud.net\/de\/wp-json\/wp\/v2\/comments?post=3935"}],"version-history":[{"count":1,"href":"https:\/\/sbcud.net\/de\/wp-json\/wp\/v2\/posts\/3935\/revisions"}],"predecessor-version":[{"id":3938,"href":"https:\/\/sbcud.net\/de\/wp-json\/wp\/v2\/posts\/3935\/revisions\/3938"}],"wp:featuredmedia":[{"embeddable":true,"href":"https:\/\/sbcud.net\/de\/wp-json\/wp\/v2\/media\/3936"}],"wp:attachment":[{"href":"https:\/\/sbcud.net\/de\/wp-json\/wp\/v2\/media?parent=3935"}],"wp:term":[{"taxonomy":"category","embeddable":true,"href":"https:\/\/sbcud.net\/de\/wp-json\/wp\/v2\/categories?post=3935"},{"taxonomy":"post_tag","embeddable":true,"href":"https:\/\/sbcud.net\/de\/wp-json\/wp\/v2\/tags?post=3935"}],"curies":[{"name":"wp","href":"https:\/\/api.w.org\/{rel}","templated":true}]}}