{"id":5581,"date":"2021-07-14T12:19:07","date_gmt":"2021-07-14T10:19:07","guid":{"rendered":"https:\/\/sbcud.net\/?p=5581"},"modified":"2021-07-15T11:23:43","modified_gmt":"2021-07-15T09:23:43","slug":"arbeitnehmer-versus-arbeitgeber-bewaehrte-praktiken-zur-unterstuetzung-des-grenzueberschreitenden-arbeitsmarktes","status":"publish","type":"post","link":"https:\/\/sbcud.net\/de\/arbeitnehmer-versus-arbeitgeber-bewaehrte-praktiken-zur-unterstuetzung-des-grenzueberschreitenden-arbeitsmarktes\/","title":{"rendered":"Arbeitnehmer versus Arbeitgeber &#8211; bew\u00e4hrte Praktiken zur Unterst\u00fctzung des grenz\u00fcberschreitenden Arbeitsmarktes"},"content":{"rendered":"<p>Das Service \u2013 und BeratungsCentrum der Euroregion Pomerania in \u015awinouj\u015bcie l\u00e4dt Sie zur Teilnahme an dem deutsch-polnischen Online-Seminar <strong>&#8222;Arbeitnehmer versus Arbeitgeber &#8211; bew\u00e4hrte Praktiken zur Unterst\u00fctzung des grenz\u00fcberschreitenden Arbeitsmarktes&#8220; <\/strong>ein, das am<strong> 21.07.2021 <\/strong>stattfindet<strong>.<\/strong><\/p>\n<p>Das Seminar wird von Frau Agnieszka Drzewiecka, Inhaberin der Firma Progres, ICF ACC Coach, Trainerin von SPOCO geleitet. Sie verf\u00fcgt \u00fcber mehrj\u00e4hrige Erfahrung im HR-Bereich in zahlreichen Unternehmen. Seit ein paar Jahren besch\u00e4ftigt sie sich unter anderem mit Coaching und Training im Bereich der Unterst\u00fctzung von Managern, F\u00fchrungskr\u00e4ften und Unternehmern beim Aufbau und Entwicklung von Unternehmen und Humankapitalmanagement.<\/p>\n<p>Das Seminar wird im Rahmen des Projektes\u00a0\u201eDas grenz\u00fcberschreitende Netzwerk der Service- und BeratungsCentren als Motor der deutsch-polnischen Zusammenarbeit in der Euroregion Pomerania und im Landkreis M\u00e4rkisch-Oderland\u201c veranstaltet.<\/p>\n<p>Sollten Sie Interesse an unserer Veranstaltung haben, melden Sie sich bitte unter folgendem <a href=\"https:\/\/sbcud.net\/de\/events\/arbeitnehmer-versus-arbeitgeber-bewaehrte-praktiken-zur-unterstuetzung-des-grenzueberschreitenden-arbeitsmarktes\/?occurrence=2021-07-21\">Link<\/a> an.<\/p>\n<p>Die Anmeldungsfrist endet am <strong>19. Juli 2021<\/strong>.<\/p>\n<p>Nach der Anmeldung erhalten Sie einen Link, um sich f\u00fcr die Veranstaltung einzuloggen.<\/p>\n<p>Das Seminar findet auf der ZOOM-Plattform statt und wird simultan \u00fcbersetzt. Um alle Funktionen w\u00e4hrend der Veranstaltung nutzen zu k\u00f6nnen, ist es notwendig, ZOOM-Anwendung auf Ihrem Ger\u00e4t zu installieren (<a href=\"https:\/\/zoom.us\">https:\/\/zoom.us<\/a>).<\/p>\n<p>Die Veranstaltung wird durch die EU aus EFRE (Interreg V A) kofinanziert. Die Teilnahme ist kostenlos.<\/p>\n<p>Bei Fragen nehmen Sie bitte Kontakt mit unserem B\u00fcro auf. E-Mail <a href=\"mailto:cud@um.um.swinoujscie.pl\">cud@um.um.swinoujscie.pl<\/a>,\u00a0\u00a0 Handy +48 727794930.<\/p>\n<p><a href=\"https:\/\/sbcud.net\/wp-content\/uploads\/2021\/07\/Programm-21-07-.pdf\">Programm 21 07<\/a><\/p>\n","protected":false},"excerpt":{"rendered":"<p>Das Service \u2013 und BeratungsCentrum der Euroregion Pomerania in \u015awinouj\u015bcie l\u00e4dt Sie zur Teilnahme an dem deutsch-polnischen Online-Seminar &#8222;Arbeitnehmer versus Arbeitgeber &#8211; bew\u00e4hrte Praktiken zur Unterst\u00fctzung des grenz\u00fcberschreitenden Arbeitsmarktes&#8220; ein, das am 21.07.2021 stattfindet. Das Seminar wird von Frau Agnieszka Drzewiecka, Inhaberin der Firma Progres, ICF ACC Coach, Trainerin von SPOCO geleitet. Sie verf\u00fcgt \u00fcber [&hellip;]<\/p>\n","protected":false},"author":15,"featured_media":5554,"comment_status":"closed","ping_status":"open","sticky":false,"template":"","format":"standard","meta":{"_et_pb_use_builder":"","_et_pb_old_content":"","_et_gb_content_width":"","om_disable_all_campaigns":false,"_monsterinsights_skip_tracking":false,"_monsterinsights_sitenote_active":false,"_monsterinsights_sitenote_note":"","_monsterinsights_sitenote_category":0},"categories":[224,101],"tags":[],"aioseo_notices":[],"yoast_head":"<!-- This site is optimized with the Yoast SEO plugin v19.11 - https:\/\/yoast.com\/wordpress\/plugins\/seo\/ -->\n<title>Arbeitnehmer versus Arbeitgeber - bew\u00e4hrte Praktiken zur Unterst\u00fctzung des grenz\u00fcberschreitenden Arbeitsmarktes - SBCUD<\/title>\n<meta name=\"robots\" content=\"index, follow, max-snippet:-1, max-image-preview:large, max-video-preview:-1\" \/>\n<link rel=\"canonical\" href=\"https:\/\/sbcud.net\/de\/arbeitnehmer-versus-arbeitgeber-bewaehrte-praktiken-zur-unterstuetzung-des-grenzueberschreitenden-arbeitsmarktes\/\" \/>\n<meta property=\"og:locale\" content=\"de_DE\" \/>\n<meta property=\"og:type\" content=\"article\" \/>\n<meta property=\"og:title\" content=\"Arbeitnehmer versus Arbeitgeber - bew\u00e4hrte Praktiken zur Unterst\u00fctzung des grenz\u00fcberschreitenden Arbeitsmarktes - SBCUD\" \/>\n<meta property=\"og:description\" content=\"Das Service \u2013 und BeratungsCentrum der Euroregion Pomerania in \u015awinouj\u015bcie l\u00e4dt Sie zur Teilnahme an dem deutsch-polnischen Online-Seminar &#8222;Arbeitnehmer versus Arbeitgeber &#8211; bew\u00e4hrte Praktiken zur Unterst\u00fctzung des grenz\u00fcberschreitenden Arbeitsmarktes&#8220; ein, das am 21.07.2021 stattfindet. Das Seminar wird von Frau Agnieszka Drzewiecka, Inhaberin der Firma Progres, ICF ACC Coach, Trainerin von SPOCO geleitet. Sie verf\u00fcgt \u00fcber [&hellip;]\" \/>\n<meta property=\"og:url\" content=\"https:\/\/sbcud.net\/de\/arbeitnehmer-versus-arbeitgeber-bewaehrte-praktiken-zur-unterstuetzung-des-grenzueberschreitenden-arbeitsmarktes\/\" \/>\n<meta property=\"og:site_name\" content=\"SBCUD\" \/>\n<meta property=\"article:publisher\" content=\"https:\/\/www.facebook.com\/SBC.CUD\" \/>\n<meta property=\"article:published_time\" content=\"2021-07-14T10:19:07+00:00\" \/>\n<meta property=\"article:modified_time\" content=\"2021-07-15T09:23:43+00:00\" \/>\n<meta property=\"og:image\" content=\"https:\/\/sbcud.net\/wp-content\/uploads\/2021\/07\/business-meeting-5395567_1280.jpg\" \/>\n\t<meta property=\"og:image:width\" content=\"1280\" \/>\n\t<meta property=\"og:image:height\" content=\"853\" \/>\n\t<meta property=\"og:image:type\" content=\"image\/jpeg\" \/>\n<meta name=\"author\" content=\"CUD \u015awinouj\u015bcie\" \/>\n<meta name=\"twitter:card\" content=\"summary_large_image\" \/>\n<meta name=\"twitter:label1\" content=\"Verfasst von\" \/>\n\t<meta name=\"twitter:data1\" content=\"CUD \u015awinouj\u015bcie\" \/>\n\t<meta name=\"twitter:label2\" content=\"Gesch\u00e4tzte Lesezeit\" \/>\n\t<meta name=\"twitter:data2\" content=\"1\u00a0Minute\" \/>\n<script type=\"application\/ld+json\" class=\"yoast-schema-graph\">{\"@context\":\"https:\/\/schema.org\",\"@graph\":[{\"@type\":\"Article\",\"@id\":\"https:\/\/sbcud.net\/de\/arbeitnehmer-versus-arbeitgeber-bewaehrte-praktiken-zur-unterstuetzung-des-grenzueberschreitenden-arbeitsmarktes\/#article\",\"isPartOf\":{\"@id\":\"https:\/\/sbcud.net\/de\/arbeitnehmer-versus-arbeitgeber-bewaehrte-praktiken-zur-unterstuetzung-des-grenzueberschreitenden-arbeitsmarktes\/\"},\"author\":{\"name\":\"CUD \u015awinouj\u015bcie\",\"@id\":\"https:\/\/sbcud.net\/de\/#\/schema\/person\/06c39f3142e6786ac8bd1d6442a223ae\"},\"headline\":\"Arbeitnehmer versus Arbeitgeber &#8211; bew\u00e4hrte Praktiken zur Unterst\u00fctzung des grenz\u00fcberschreitenden Arbeitsmarktes\",\"datePublished\":\"2021-07-14T10:19:07+00:00\",\"dateModified\":\"2021-07-15T09:23:43+00:00\",\"mainEntityOfPage\":{\"@id\":\"https:\/\/sbcud.net\/de\/arbeitnehmer-versus-arbeitgeber-bewaehrte-praktiken-zur-unterstuetzung-des-grenzueberschreitenden-arbeitsmarktes\/\"},\"wordCount\":249,\"publisher\":{\"@id\":\"https:\/\/sbcud.net\/de\/#organization\"},\"articleSection\":[\"+\",\"\u015awinouj\u015bcie\"],\"inLanguage\":\"de\"},{\"@type\":\"WebPage\",\"@id\":\"https:\/\/sbcud.net\/de\/arbeitnehmer-versus-arbeitgeber-bewaehrte-praktiken-zur-unterstuetzung-des-grenzueberschreitenden-arbeitsmarktes\/\",\"url\":\"https:\/\/sbcud.net\/de\/arbeitnehmer-versus-arbeitgeber-bewaehrte-praktiken-zur-unterstuetzung-des-grenzueberschreitenden-arbeitsmarktes\/\",\"name\":\"Arbeitnehmer versus Arbeitgeber - bew\u00e4hrte Praktiken zur Unterst\u00fctzung des grenz\u00fcberschreitenden Arbeitsmarktes - SBCUD\",\"isPartOf\":{\"@id\":\"https:\/\/sbcud.net\/de\/#website\"},\"datePublished\":\"2021-07-14T10:19:07+00:00\",\"dateModified\":\"2021-07-15T09:23:43+00:00\",\"breadcrumb\":{\"@id\":\"https:\/\/sbcud.net\/de\/arbeitnehmer-versus-arbeitgeber-bewaehrte-praktiken-zur-unterstuetzung-des-grenzueberschreitenden-arbeitsmarktes\/#breadcrumb\"},\"inLanguage\":\"de\",\"potentialAction\":[{\"@type\":\"ReadAction\",\"target\":[\"https:\/\/sbcud.net\/de\/arbeitnehmer-versus-arbeitgeber-bewaehrte-praktiken-zur-unterstuetzung-des-grenzueberschreitenden-arbeitsmarktes\/\"]}]},{\"@type\":\"BreadcrumbList\",\"@id\":\"https:\/\/sbcud.net\/de\/arbeitnehmer-versus-arbeitgeber-bewaehrte-praktiken-zur-unterstuetzung-des-grenzueberschreitenden-arbeitsmarktes\/#breadcrumb\",\"itemListElement\":[{\"@type\":\"ListItem\",\"position\":1,\"name\":\"Strona g\u0142\u00f3wna\",\"item\":\"https:\/\/sbcud.net\/de\/\"},{\"@type\":\"ListItem\",\"position\":2,\"name\":\"Arbeitnehmer versus Arbeitgeber &#8211; bew\u00e4hrte Praktiken zur Unterst\u00fctzung des grenz\u00fcberschreitenden Arbeitsmarktes\"}]},{\"@type\":\"WebSite\",\"@id\":\"https:\/\/sbcud.net\/de\/#website\",\"url\":\"https:\/\/sbcud.net\/de\/\",\"name\":\"SBCUD\",\"description\":\"Centra us\u0142ugowo-doradcze\",\"publisher\":{\"@id\":\"https:\/\/sbcud.net\/de\/#organization\"},\"potentialAction\":[{\"@type\":\"SearchAction\",\"target\":{\"@type\":\"EntryPoint\",\"urlTemplate\":\"https:\/\/sbcud.net\/de\/?s={search_term_string}\"},\"query-input\":\"required name=search_term_string\"}],\"inLanguage\":\"de\"},{\"@type\":\"Organization\",\"@id\":\"https:\/\/sbcud.net\/de\/#organization\",\"name\":\"SBCUD\",\"url\":\"https:\/\/sbcud.net\/de\/\",\"logo\":{\"@type\":\"ImageObject\",\"inLanguage\":\"de\",\"@id\":\"https:\/\/sbcud.net\/de\/#\/schema\/logo\/image\/\",\"url\":\"https:\/\/sbcud.net\/wp-content\/uploads\/2019\/03\/Logo_Farbig_RGB_Transparent_www.png\",\"contentUrl\":\"https:\/\/sbcud.net\/wp-content\/uploads\/2019\/03\/Logo_Farbig_RGB_Transparent_www.png\",\"width\":332,\"height\":100,\"caption\":\"SBCUD\"},\"image\":{\"@id\":\"https:\/\/sbcud.net\/de\/#\/schema\/logo\/image\/\"},\"sameAs\":[\"https:\/\/www.facebook.com\/SBC.CUD\"]},{\"@type\":\"Person\",\"@id\":\"https:\/\/sbcud.net\/de\/#\/schema\/person\/06c39f3142e6786ac8bd1d6442a223ae\",\"name\":\"CUD \u015awinouj\u015bcie\",\"image\":{\"@type\":\"ImageObject\",\"inLanguage\":\"de\",\"@id\":\"https:\/\/sbcud.net\/de\/#\/schema\/person\/image\/\",\"url\":\"https:\/\/secure.gravatar.com\/avatar\/b0610572ad2fe62fa128fa4acd0f003b?s=96&d=mm&r=g\",\"contentUrl\":\"https:\/\/secure.gravatar.com\/avatar\/b0610572ad2fe62fa128fa4acd0f003b?s=96&d=mm&r=g\",\"caption\":\"CUD \u015awinouj\u015bcie\"},\"url\":\"https:\/\/sbcud.net\/de\/author\/cudum-swinoujscie-pl\/\"}]}<\/script>\n<!-- \/ Yoast SEO plugin. -->","yoast_head_json":{"title":"Arbeitnehmer versus Arbeitgeber - bew\u00e4hrte Praktiken zur Unterst\u00fctzung des grenz\u00fcberschreitenden Arbeitsmarktes - SBCUD","robots":{"index":"index","follow":"follow","max-snippet":"max-snippet:-1","max-image-preview":"max-image-preview:large","max-video-preview":"max-video-preview:-1"},"canonical":"https:\/\/sbcud.net\/de\/arbeitnehmer-versus-arbeitgeber-bewaehrte-praktiken-zur-unterstuetzung-des-grenzueberschreitenden-arbeitsmarktes\/","og_locale":"de_DE","og_type":"article","og_title":"Arbeitnehmer versus Arbeitgeber - bew\u00e4hrte Praktiken zur Unterst\u00fctzung des grenz\u00fcberschreitenden Arbeitsmarktes - SBCUD","og_description":"Das Service \u2013 und BeratungsCentrum der Euroregion Pomerania in \u015awinouj\u015bcie l\u00e4dt Sie zur Teilnahme an dem deutsch-polnischen Online-Seminar &#8222;Arbeitnehmer versus Arbeitgeber &#8211; bew\u00e4hrte Praktiken zur Unterst\u00fctzung des grenz\u00fcberschreitenden Arbeitsmarktes&#8220; ein, das am 21.07.2021 stattfindet. Das Seminar wird von Frau Agnieszka Drzewiecka, Inhaberin der Firma Progres, ICF ACC Coach, Trainerin von SPOCO geleitet. Sie verf\u00fcgt \u00fcber [&hellip;]","og_url":"https:\/\/sbcud.net\/de\/arbeitnehmer-versus-arbeitgeber-bewaehrte-praktiken-zur-unterstuetzung-des-grenzueberschreitenden-arbeitsmarktes\/","og_site_name":"SBCUD","article_publisher":"https:\/\/www.facebook.com\/SBC.CUD","article_published_time":"2021-07-14T10:19:07+00:00","article_modified_time":"2021-07-15T09:23:43+00:00","og_image":[{"width":1280,"height":853,"url":"https:\/\/sbcud.net\/wp-content\/uploads\/2021\/07\/business-meeting-5395567_1280.jpg","type":"image\/jpeg"}],"author":"CUD \u015awinouj\u015bcie","twitter_card":"summary_large_image","twitter_misc":{"Verfasst von":"CUD \u015awinouj\u015bcie","Gesch\u00e4tzte Lesezeit":"1\u00a0Minute"},"schema":{"@context":"https:\/\/schema.org","@graph":[{"@type":"Article","@id":"https:\/\/sbcud.net\/de\/arbeitnehmer-versus-arbeitgeber-bewaehrte-praktiken-zur-unterstuetzung-des-grenzueberschreitenden-arbeitsmarktes\/#article","isPartOf":{"@id":"https:\/\/sbcud.net\/de\/arbeitnehmer-versus-arbeitgeber-bewaehrte-praktiken-zur-unterstuetzung-des-grenzueberschreitenden-arbeitsmarktes\/"},"author":{"name":"CUD \u015awinouj\u015bcie","@id":"https:\/\/sbcud.net\/de\/#\/schema\/person\/06c39f3142e6786ac8bd1d6442a223ae"},"headline":"Arbeitnehmer versus Arbeitgeber &#8211; bew\u00e4hrte Praktiken zur Unterst\u00fctzung des grenz\u00fcberschreitenden Arbeitsmarktes","datePublished":"2021-07-14T10:19:07+00:00","dateModified":"2021-07-15T09:23:43+00:00","mainEntityOfPage":{"@id":"https:\/\/sbcud.net\/de\/arbeitnehmer-versus-arbeitgeber-bewaehrte-praktiken-zur-unterstuetzung-des-grenzueberschreitenden-arbeitsmarktes\/"},"wordCount":249,"publisher":{"@id":"https:\/\/sbcud.net\/de\/#organization"},"articleSection":["+","\u015awinouj\u015bcie"],"inLanguage":"de"},{"@type":"WebPage","@id":"https:\/\/sbcud.net\/de\/arbeitnehmer-versus-arbeitgeber-bewaehrte-praktiken-zur-unterstuetzung-des-grenzueberschreitenden-arbeitsmarktes\/","url":"https:\/\/sbcud.net\/de\/arbeitnehmer-versus-arbeitgeber-bewaehrte-praktiken-zur-unterstuetzung-des-grenzueberschreitenden-arbeitsmarktes\/","name":"Arbeitnehmer versus Arbeitgeber - bew\u00e4hrte Praktiken zur Unterst\u00fctzung des grenz\u00fcberschreitenden Arbeitsmarktes - SBCUD","isPartOf":{"@id":"https:\/\/sbcud.net\/de\/#website"},"datePublished":"2021-07-14T10:19:07+00:00","dateModified":"2021-07-15T09:23:43+00:00","breadcrumb":{"@id":"https:\/\/sbcud.net\/de\/arbeitnehmer-versus-arbeitgeber-bewaehrte-praktiken-zur-unterstuetzung-des-grenzueberschreitenden-arbeitsmarktes\/#breadcrumb"},"inLanguage":"de","potentialAction":[{"@type":"ReadAction","target":["https:\/\/sbcud.net\/de\/arbeitnehmer-versus-arbeitgeber-bewaehrte-praktiken-zur-unterstuetzung-des-grenzueberschreitenden-arbeitsmarktes\/"]}]},{"@type":"BreadcrumbList","@id":"https:\/\/sbcud.net\/de\/arbeitnehmer-versus-arbeitgeber-bewaehrte-praktiken-zur-unterstuetzung-des-grenzueberschreitenden-arbeitsmarktes\/#breadcrumb","itemListElement":[{"@type":"ListItem","position":1,"name":"Strona g\u0142\u00f3wna","item":"https:\/\/sbcud.net\/de\/"},{"@type":"ListItem","position":2,"name":"Arbeitnehmer versus Arbeitgeber &#8211; bew\u00e4hrte Praktiken zur Unterst\u00fctzung des grenz\u00fcberschreitenden Arbeitsmarktes"}]},{"@type":"WebSite","@id":"https:\/\/sbcud.net\/de\/#website","url":"https:\/\/sbcud.net\/de\/","name":"SBCUD","description":"Centra us\u0142ugowo-doradcze","publisher":{"@id":"https:\/\/sbcud.net\/de\/#organization"},"potentialAction":[{"@type":"SearchAction","target":{"@type":"EntryPoint","urlTemplate":"https:\/\/sbcud.net\/de\/?s={search_term_string}"},"query-input":"required name=search_term_string"}],"inLanguage":"de"},{"@type":"Organization","@id":"https:\/\/sbcud.net\/de\/#organization","name":"SBCUD","url":"https:\/\/sbcud.net\/de\/","logo":{"@type":"ImageObject","inLanguage":"de","@id":"https:\/\/sbcud.net\/de\/#\/schema\/logo\/image\/","url":"https:\/\/sbcud.net\/wp-content\/uploads\/2019\/03\/Logo_Farbig_RGB_Transparent_www.png","contentUrl":"https:\/\/sbcud.net\/wp-content\/uploads\/2019\/03\/Logo_Farbig_RGB_Transparent_www.png","width":332,"height":100,"caption":"SBCUD"},"image":{"@id":"https:\/\/sbcud.net\/de\/#\/schema\/logo\/image\/"},"sameAs":["https:\/\/www.facebook.com\/SBC.CUD"]},{"@type":"Person","@id":"https:\/\/sbcud.net\/de\/#\/schema\/person\/06c39f3142e6786ac8bd1d6442a223ae","name":"CUD \u015awinouj\u015bcie","image":{"@type":"ImageObject","inLanguage":"de","@id":"https:\/\/sbcud.net\/de\/#\/schema\/person\/image\/","url":"https:\/\/secure.gravatar.com\/avatar\/b0610572ad2fe62fa128fa4acd0f003b?s=96&d=mm&r=g","contentUrl":"https:\/\/secure.gravatar.com\/avatar\/b0610572ad2fe62fa128fa4acd0f003b?s=96&d=mm&r=g","caption":"CUD \u015awinouj\u015bcie"},"url":"https:\/\/sbcud.net\/de\/author\/cudum-swinoujscie-pl\/"}]}},"_links":{"self":[{"href":"https:\/\/sbcud.net\/de\/wp-json\/wp\/v2\/posts\/5581"}],"collection":[{"href":"https:\/\/sbcud.net\/de\/wp-json\/wp\/v2\/posts"}],"about":[{"href":"https:\/\/sbcud.net\/de\/wp-json\/wp\/v2\/types\/post"}],"author":[{"embeddable":true,"href":"https:\/\/sbcud.net\/de\/wp-json\/wp\/v2\/users\/15"}],"replies":[{"embeddable":true,"href":"https:\/\/sbcud.net\/de\/wp-json\/wp\/v2\/comments?post=5581"}],"version-history":[{"count":2,"href":"https:\/\/sbcud.net\/de\/wp-json\/wp\/v2\/posts\/5581\/revisions"}],"predecessor-version":[{"id":5638,"href":"https:\/\/sbcud.net\/de\/wp-json\/wp\/v2\/posts\/5581\/revisions\/5638"}],"wp:featuredmedia":[{"embeddable":true,"href":"https:\/\/sbcud.net\/de\/wp-json\/wp\/v2\/media\/5554"}],"wp:attachment":[{"href":"https:\/\/sbcud.net\/de\/wp-json\/wp\/v2\/media?parent=5581"}],"wp:term":[{"taxonomy":"category","embeddable":true,"href":"https:\/\/sbcud.net\/de\/wp-json\/wp\/v2\/categories?post=5581"},{"taxonomy":"post_tag","embeddable":true,"href":"https:\/\/sbcud.net\/de\/wp-json\/wp\/v2\/tags?post=5581"}],"curies":[{"name":"wp","href":"https:\/\/api.w.org\/{rel}","templated":true}]}}